{"id":83,"date":"2021-06-14T15:22:00","date_gmt":"2021-06-14T13:22:00","guid":{"rendered":"https:\/\/www.mana-au.fr\/?p=83"},"modified":"2021-11-03T13:27:52","modified_gmt":"2021-11-03T12:27:52","slug":"24-heures-motos-le-team-devron-mana-au-competition-accroche-le-top-30","status":"publish","type":"post","link":"https:\/\/www.mana-au.com\/index.php\/2021\/06\/14\/24-heures-motos-le-team-devron-mana-au-competition-accroche-le-top-30\/","title":{"rendered":"24 Heures motos : le team d\u2019\u00c9vron, Mana-au Comp\u00e9tition, accroche le Top 30"},"content":{"rendered":"\n<p><a href=\"https:\/\/www.ouest-france.fr\/pays-de-la-loire\/evron-53600\/24-heures-motos-le-team-d-evron-mana-au-competition-accroche-le-top-30-0134a160-cd13-11eb-ac7e-7f0bb30098db\">https:\/\/www.ouest-france.fr\/pays-de-la-loire\/evron-53600\/24-heures-motos-le-team-d-evron-mana-au-competition-accroche-le-top-30-0134a160-cd13-11eb-ac7e-7f0bb30098db<\/a><\/p>\n\n\n\n<p><strong><span class=\"has-inline-color has-cyan-bluish-gray-color\">Larmes de joie et grande \u00e9motion, pour le team Mana-au Comp\u00e9tition, dimanche midi. L\u2019\u00e9quipe bas\u00e9e \u00e0 \u00c9vron, en Mayenne, a accroch\u00e9 le Top 30 des 24 Heures du Mans motos.<\/span><\/strong><\/p>\n\n\n\n<p>Il y avait de la joie et m\u00eame des larmes dans le stand Mana-au Comp\u00e9tition dimanche \u00e0 midi, quand la Suzuki n\u00b0 53 de l\u2019\u00e9quipage \u00e9vronnais a franchi la ligne d\u2019arriv\u00e9e des 24 heures du Mans motos.<\/p>\n\n\n\n<h2 class=\"wp-block-heading\">Chute et entorse<\/h2>\n\n\n\n<p><strong>\u00ab On termine 28<sup>e<\/sup> avec 743 tours de circuit au compteur. C\u2019est exceptionnel et bien s\u00fbr notre meilleur r\u00e9sultat en une dizaine de participations \u00bb,<\/strong> r\u00e9sumait dimanche soir Jean-Michel Messager, team manager.<\/p>\n\n\n\n<p>Et pourtant, l\u2019\u00e9dition 2021 a r\u00e9serv\u00e9 pas mal de frayeurs aux \u00c9vronnais et ce d\u00e8s les s\u00e9ances de qualifications : chute et grosse entorse au pied du pilote n\u00b0 2. <strong>\u00ab R\u00e9gis Stoltz, rempla\u00e7ant dans l\u2019\u00e9quipe n\u00b0 27 a accept\u00e9 de piloter pour nous \u00bb<\/strong>, raconte Dominique Messager, ex-pilote \u00e0 l\u2019origine de la belle aventure des \u00c9vronnais. Les ennuis vont continuer : 4 chutes sur glissage pendant la course.<\/p>\n\n\n\n<h2 class=\"wp-block-heading\">Des ambitions grandissantes<\/h2>\n\n\n\n<p><strong>\u00ab Les jeunes m\u00e9canos ont \u00e9t\u00e9 super : \u00e0 peine une minute pour changer le frein avant et les 2 pneus \u00bb<\/strong>, d\u00e9taille Nathan Messager, le responsable m\u00e9canicien. <strong>\u00ab On a su parfaitement g\u00e9rer les ennuis. Je retiens notre course exemplaire. Bravo \u00e0 tout le staff. \u00c7a donne envie de participer l\u2019ann\u00e9e prochaine \u00e0 d\u2019avantage d\u2019\u00e9preuves d\u2019endurance \u00bb<\/strong>, note Jean-Michel Messager.<\/p>\n","protected":false},"excerpt":{"rendered":"<p>Il y avait de la joie et m\u00eame des larmes dans le stand Mana-au Comp\u00e9tition dimanche \u00e0 midi, quand la Suzuki n\u00b0 53 de l\u2019\u00e9quipage \u00e9vronnais a franchi la ligne d\u2019arriv\u00e9e des 24 heures du Mans motos.<\/p>\n","protected":false},"author":1,"featured_media":84,"comment_status":"closed","ping_status":"open","sticky":false,"template":"","format":"standard","meta":{"_monsterinsights_skip_tracking":false,"_monsterinsights_sitenote_active":false,"_monsterinsights_sitenote_note":"","_monsterinsights_sitenote_category":0,"footnotes":""},"categories":[5],"tags":[],"class_list":["post-83","post","type-post","status-publish","format-standard","has-post-thumbnail","hentry","category-presse"],"aioseo_notices":[],"_links":{"self":[{"href":"https:\/\/www.mana-au.com\/index.php\/wp-json\/wp\/v2\/posts\/83","targetHints":{"allow":["GET"]}}],"collection":[{"href":"https:\/\/www.mana-au.com\/index.php\/wp-json\/wp\/v2\/posts"}],"about":[{"href":"https:\/\/www.mana-au.com\/index.php\/wp-json\/wp\/v2\/types\/post"}],"author":[{"embeddable":true,"href":"https:\/\/www.mana-au.com\/index.php\/wp-json\/wp\/v2\/users\/1"}],"replies":[{"embeddable":true,"href":"https:\/\/www.mana-au.com\/index.php\/wp-json\/wp\/v2\/comments?post=83"}],"version-history":[{"count":1,"href":"https:\/\/www.mana-au.com\/index.php\/wp-json\/wp\/v2\/posts\/83\/revisions"}],"predecessor-version":[{"id":86,"href":"https:\/\/www.mana-au.com\/index.php\/wp-json\/wp\/v2\/posts\/83\/revisions\/86"}],"wp:featuredmedia":[{"embeddable":true,"href":"https:\/\/www.mana-au.com\/index.php\/wp-json\/wp\/v2\/media\/84"}],"wp:attachment":[{"href":"https:\/\/www.mana-au.com\/index.php\/wp-json\/wp\/v2\/media?parent=83"}],"wp:term":[{"taxonomy":"category","embeddable":true,"href":"https:\/\/www.mana-au.com\/index.php\/wp-json\/wp\/v2\/categories?post=83"},{"taxonomy":"post_tag","embeddable":true,"href":"https:\/\/www.mana-au.com\/index.php\/wp-json\/wp\/v2\/tags?post=83"}],"curies":[{"name":"wp","href":"https:\/\/api.w.org\/{rel}","templated":true}]}}