{"id":767,"date":"2024-04-15T18:18:30","date_gmt":"2024-04-15T16:18:30","guid":{"rendered":"https:\/\/www.mana-au.com\/?p=767"},"modified":"2024-04-19T12:27:40","modified_gmt":"2024-04-19T10:27:40","slug":"ouest-france-15-04-2024-le-team-manaau-ompetition-a-hate-den-decoudre-aux-24-heures-motos-du-mans-avec-hondaouest-france-15-04-2024","status":"publish","type":"post","link":"https:\/\/www.mana-au.com\/index.php\/2024\/04\/15\/ouest-france-15-04-2024-le-team-manaau-ompetition-a-hate-den-decoudre-aux-24-heures-motos-du-mans-avec-hondaouest-france-15-04-2024\/","title":{"rendered":"Le team Mana\u2019au Comp\u00e9tition a h\u00e2te d\u2019en d\u00e9coudre aux 24\u00a0Heures Motos du Mans avec Honda &#8211; Ouest-France -15\/04\/2024."},"content":{"rendered":"\n<p><strong>Le team Mana\u2019au comp\u00e9tition d\u2019\u00c9vron, en Mayenne, prendra samedi 20 avril 2024 le d\u00e9part des 24 Heures Moto du Mans (Sarthe). \u00c9paul\u00e9 pour la premi\u00e8re fois par l\u2019\u00e9curie Honda France, Mana\u2019au Comp\u00e9tition vise un top 15 dans cette course d\u2019endurance.<\/strong><\/p>\n\n\n\n<p>Ouest-France Publi\u00e9 le 15\/04\/2024 \u00e0 17h04 &#8211; <a href=\"https:\/\/www.ouest-france.fr\/sport\/24-heures-motos\/le-team-manaau-competition-a-hate-den-decoudre-aux-24-heures-motos-du-mans-avec-honda-fbd243ce-fb0b-11ee-8d39-b33496a753f6\" target=\"_blank\" rel=\"noopener\" title=\"\">https:\/\/www.ouest-france.fr\/sport\/24-heures-motos\/le-team-manaau-competition-a-hate-den-decoudre-aux-24-heures-motos-du-mans-avec-honda-fbd243ce-fb0b-11ee-8d39-b33496a753f6<\/a><\/p>\n\n\n<div class=\"wp-block-image\">\n<figure class=\"aligncenter size-large\"><img loading=\"lazy\" decoding=\"async\" width=\"1024\" height=\"576\" src=\"https:\/\/www.mana-au.com\/wp-content\/uploads\/2024\/04\/Ouest-france-1-1024x576.jpg\" alt=\"\" class=\"wp-image-776\" srcset=\"https:\/\/www.mana-au.com\/wp-content\/uploads\/2024\/04\/Ouest-france-1-1024x576.jpg 1024w, https:\/\/www.mana-au.com\/wp-content\/uploads\/2024\/04\/Ouest-france-1-300x169.jpg 300w, https:\/\/www.mana-au.com\/wp-content\/uploads\/2024\/04\/Ouest-france-1-768x432.jpg 768w, https:\/\/www.mana-au.com\/wp-content\/uploads\/2024\/04\/Ouest-france-1-1536x864.jpg 1536w, https:\/\/www.mana-au.com\/wp-content\/uploads\/2024\/04\/Ouest-france-1.jpg 1920w\" sizes=\"auto, (max-width: 1024px) 100vw, 1024px\" \/><\/figure><\/div>\n\n<div class=\"wp-block-image\">\n<figure class=\"aligncenter size-large\"><img loading=\"lazy\" decoding=\"async\" width=\"1024\" height=\"631\" src=\"https:\/\/www.mana-au.com\/wp-content\/uploads\/2024\/04\/image-6-1024x631.png\" alt=\"\" class=\"wp-image-768\" srcset=\"https:\/\/www.mana-au.com\/wp-content\/uploads\/2024\/04\/image-6-1024x631.png 1024w, https:\/\/www.mana-au.com\/wp-content\/uploads\/2024\/04\/image-6-300x185.png 300w, https:\/\/www.mana-au.com\/wp-content\/uploads\/2024\/04\/image-6-768x474.png 768w, https:\/\/www.mana-au.com\/wp-content\/uploads\/2024\/04\/image-6.png 1260w\" sizes=\"auto, (max-width: 1024px) 100vw, 1024px\" \/><figcaption class=\"wp-element-caption\">De gauche \u00e0 droite&nbsp;: Christian Palomares, Dominique Messager, Marc Miralles, Samuel Trueb, du team Mana\u2019au comp\u00e9tition. | MANA\u2019AU COMP\u00c9TITION<\/figcaption><\/figure><\/div>","protected":false},"excerpt":{"rendered":"<p>Le team Mana\u2019au comp\u00e9tition d\u2019\u00c9vron, en Mayenne, prendra samedi 20 avril 2024 le d\u00e9part des 24 Heures Moto du Mans (Sarthe). \u00c9paul\u00e9 pour la premi\u00e8re<\/p>\n","protected":false},"author":1,"featured_media":0,"comment_status":"closed","ping_status":"open","sticky":false,"template":"","format":"standard","meta":{"_monsterinsights_skip_tracking":false,"_monsterinsights_sitenote_active":false,"_monsterinsights_sitenote_note":"","_monsterinsights_sitenote_category":0,"footnotes":""},"categories":[5],"tags":[],"class_list":["post-767","post","type-post","status-publish","format-standard","hentry","category-presse"],"aioseo_notices":[],"_links":{"self":[{"href":"https:\/\/www.mana-au.com\/index.php\/wp-json\/wp\/v2\/posts\/767","targetHints":{"allow":["GET"]}}],"collection":[{"href":"https:\/\/www.mana-au.com\/index.php\/wp-json\/wp\/v2\/posts"}],"about":[{"href":"https:\/\/www.mana-au.com\/index.php\/wp-json\/wp\/v2\/types\/post"}],"author":[{"embeddable":true,"href":"https:\/\/www.mana-au.com\/index.php\/wp-json\/wp\/v2\/users\/1"}],"replies":[{"embeddable":true,"href":"https:\/\/www.mana-au.com\/index.php\/wp-json\/wp\/v2\/comments?post=767"}],"version-history":[{"count":7,"href":"https:\/\/www.mana-au.com\/index.php\/wp-json\/wp\/v2\/posts\/767\/revisions"}],"predecessor-version":[{"id":870,"href":"https:\/\/www.mana-au.com\/index.php\/wp-json\/wp\/v2\/posts\/767\/revisions\/870"}],"wp:attachment":[{"href":"https:\/\/www.mana-au.com\/index.php\/wp-json\/wp\/v2\/media?parent=767"}],"wp:term":[{"taxonomy":"category","embeddable":true,"href":"https:\/\/www.mana-au.com\/index.php\/wp-json\/wp\/v2\/categories?post=767"},{"taxonomy":"post_tag","embeddable":true,"href":"https:\/\/www.mana-au.com\/index.php\/wp-json\/wp\/v2\/tags?post=767"}],"curies":[{"name":"wp","href":"https:\/\/api.w.org\/{rel}","templated":true}]}}